{"id":18079,"date":"2026-03-30T09:46:12","date_gmt":"2026-03-30T07:46:12","guid":{"rendered":"https:\/\/freeflix.pl\/portal\/piotr-kedzierski-komentuje-spekulacje-o-wspolpracy-z-kanalem-zero\/"},"modified":"2026-03-30T09:46:12","modified_gmt":"2026-03-30T07:46:12","slug":"piotr-kedzierski-komentuje-spekulacje-o-wspolpracy-z-kanalem-zero","status":"publish","type":"post","link":"https:\/\/freeflix.pl\/portal\/piotr-kedzierski-komentuje-spekulacje-o-wspolpracy-z-kanalem-zero\/","title":{"rendered":"Piotr K\u0119dzierski komentuje spekulacje o wsp\u00f3\u0142pracy z Kana\u0142em Zero"},"content":{"rendered":"\n<p class=\"wp-block-paragraph\">W ostatnim czasie polskie media obieg\u0142a fala spekulacji dotycz\u0105cych potencjalnej wsp\u00f3\u0142pracy znanego dziennikarza, Piotra K\u0119dzierskiego, z popularnym serwisem internetowym Kana\u0142 Zero. Temat powr\u00f3ci\u0142 ze zdwojon\u0105 si\u0142\u0105 po emisji wywiadu Kuby Wojew\u00f3dzkiego i samego K\u0119dzierskiego z Krzysztofem Stanowskim, a nast\u0119pnie po tanecznym wyst\u0119pie dziennikarza w programie \u201eTaniec z Gwiazdami\u201d. Widzowie i internauci od dawna snuli domys\u0142y, a teraz K\u0119dzierski postanowi\u0142 odnie\u015b\u0107 si\u0119 do nich wprost.<\/p>\n\n\n\n<h2 class=\"wp-block-heading\">Kontekst medialnych domys\u0142\u00f3w<\/h2>\n\n\n\n<p class=\"wp-block-paragraph\">Piotr K\u0119dzierski, znany z ci\u0119tego j\u0119zyka i bezkompromisowych wywiad\u00f3w, od d\u0142u\u017cszego czasu jest kojarzony ze \u015brodowiskiem tworz\u0105cym Kana\u0142 Zero. Platforma ta, zyskuj\u0105ca na popularno\u015bci dzi\u0119ki niekonwencjonalnemu podej\u015bciu do dziennikarstwa i komentarza spo\u0142ecznego, wydaje si\u0119 naturalnym miejscem dla jego talentu. Spekulacje nasili\u0142y si\u0119 szczeg\u00f3lnie po tym, jak K\u0119dzierski zacz\u0105\u0142 cz\u0119\u015bciej pojawia\u0107 si\u0119 w materia\u0142ach i wypowiedziach zwi\u0105zanych z tym \u015brodowiskiem, a tak\u017ce po jego wsp\u00f3lnym projekcie z Kub\u0105 Wojew\u00f3dzkim, kt\u00f3ry jest jedn\u0105 z ikonicznych postaci kana\u0142u.<\/p>\n\n\n\n<h3 class=\"wp-block-heading\">Wywiad ze Stanowskim jako punkt zapalny<\/h3>\n\n\n\n<p class=\"wp-block-paragraph\">Rozmowa z Krzysztofem Stanowskim, kontrowersyjnym youtuberem i komentatorem, okaza\u0142a si\u0119 wydarzeniem medialnym, kt\u00f3re wywo\u0142a\u0142o lawin\u0119 komentarzy. Dziennikarze poruszyli w niej szereg trudnych temat\u00f3w, a spos\u00f3b prowadzenia wywiadu przez duet Wojew\u00f3dzki-K\u0119dzierski zosta\u0142 oceniony jako wyj\u0105tkowo celny i odwa\u017cny. Dla wielu obserwator\u00f3w by\u0142 to wyra\u017any sygna\u0142, \u017ce stylistyka K\u0119dzierskiego idealnie wpisuje si\u0119 w lini\u0119 programow\u0105 Kana\u0142u Zero, kt\u00f3ra cz\u0119sto stawia na bezpo\u015brednio\u015b\u0107 i konfrontacj\u0119 z establishmentem.<\/p>\n\n\n\n<h2 class=\"wp-block-heading\">Oficjalne stanowisko K\u0119dzierskiego<\/h2>\n\n\n\n<p class=\"wp-block-paragraph\">Zapytany wprost przez jednego z dziennikarzy o potencjaln\u0105 wsp\u00f3\u0142prac\u0119 z Kana\u0142em Zero, Piotr K\u0119dzierski udzieli\u0142 wyczerpuj\u0105cej odpowiedzi. Podkre\u015bli\u0142, \u017ce ceni sobie wolno\u015b\u0107 tw\u00f3rcz\u0105 i mo\u017cliwo\u015b\u0107 realizowania projekt\u00f3w, kt\u00f3re s\u0105 dla niego wa\u017cne i autentyczne. <em>\u201eZawsze kieruj\u0119 si\u0119 tre\u015bci\u0105 i lud\u017ami, z kt\u00f3rymi pracuj\u0119\u201d<\/em> \u2013 stwierdzi\u0142 dziennikarz. <em>\u201eJe\u015bli chodzi o Kana\u0142 Zero, to jest to bez w\u0105tpienia miejsce, gdzie dzieje si\u0119 dzi\u015b w Polsce bardzo ciekawa i odwa\u017cna forma dziennikarstwa. Nie ukrywam, \u017ce obserwuj\u0119 ich dzia\u0142ania z du\u017cym zainteresowaniem\u201d<\/em>.<\/p>\n\n\n\n<p class=\"wp-block-paragraph\">Jednocze\u015bnie K\u0119dzierski nie potwierdzi\u0142 ani nie zaprzeczy\u0142 konkretnym planom wsp\u00f3\u0142pracy. Jego wypowied\u017a mo\u017cna odczyta\u0107 jako otwarcie drzwi do potencjalnych przysz\u0142ych projekt\u00f3w, przy jednoczesnym zachowaniu zawodowej elastyczno\u015bci. <strong>\u201eW bran\u017cy medialnej nic nie jest pewne, a najwa\u017cniejsze jest, aby robi\u0107 to, w co si\u0119 wierzy i co ma sens\u201d<\/strong> \u2013 doda\u0142, pozostawiaj\u0105c pole do dalszych interpretacji.<\/p>\n\n\n\n<h3 class=\"wp-block-heading\">Reakcja widz\u00f3w i \u015brodowiska medialnego<\/h3>\n\n\n\n<p class=\"wp-block-paragraph\">W sieci reakcje na wypowied\u017a K\u0119dzierskiego s\u0105 podzielone. Wielu fan\u00f3w wyra\u017ca entuzjazm na my\u015bl o jego sta\u0142ej obecno\u015bci w Kaniele Zero, widz\u0105c w tym naturalne rozwini\u0119cie jego dotychczasowej kariery. Inni zastanawiaj\u0105 si\u0119, jak taka wsp\u00f3\u0142praca wp\u0142yn\u0119\u0142aby na wizerunek zar\u00f3wno dziennikarza, jak i samej platformy. Eksperci od medi\u00f3w wskazuj\u0105, \u017ce ewentualne do\u0142\u0105czenie K\u0119dzierskiego do zespo\u0142u Kana\u0142u Zero znacz\u0105co wzmocni\u0142oby pozycj\u0119 serwisu jako powa\u017cnego gracza na rynku opiniotw\u00f3rczym, \u0142\u0105cz\u0105c telewizyjn\u0105 rozpoznawalno\u015b\u0107 z internetow\u0105 dynamik\u0105.<\/p>\n\n\n\n<h2 class=\"wp-block-heading\">Przysz\u0142o\u015b\u0107 dziennikarstwa w nowych realiach<\/h2>\n\n\n\n<p class=\"wp-block-paragraph\">Ca\u0142a sytuacja wok\u00f3\u0142 Piotra K\u0119dzierskiego i Kana\u0142u Zero jest doskona\u0142ym przyk\u0142adem szerszego trendu w polskich mediach. Tradycyjne podzia\u0142y mi\u0119dzy telewizj\u0105, pras\u0105 a internetem zacieraj\u0105 si\u0119. Dziennikarze o ugruntowanej pozycji coraz \u015bmielej poruszaj\u0105 si\u0119 w \u015bwiecie platform cyfrowych, szukaj\u0105c przestrzeni do swobodniejszej ekspresji i bezpo\u015bredniego kontaktu z publiczno\u015bci\u0105. Kana\u0142 Zero, z swoim modelem opartym na subskrypcjach i spo\u0142eczno\u015bci, sta\u0142 si\u0119 dla wielu z nich atrakcyjn\u0105 alternatyw\u0105.<\/p>\n\n\n\n<p class=\"wp-block-paragraph\">Niezale\u017cnie od ostatecznej decyzji Piotra K\u0119dzierskiego, jego otwarto\u015b\u0107 na wsp\u00f3\u0142prac\u0119 z tak innowacyjnym podmiotem jak Kana\u0142 Zero wysy\u0142a jasny sygna\u0142 o kierunku, w jakim zmierza wsp\u00f3\u0142czesne dziennikarstwo. To po\u0142\u0105czenie do\u015bwiadczenia, rozpoznawalno\u015bci i nowych technologii mo\u017ce zdefiniowa\u0107 przysz\u0142o\u015b\u0107 bran\u017cy medialnej w Polsce. Na razie widzowie i fani z niecierpliwo\u015bci\u0105 czekaj\u0105 na kolejny ruch ze strony dziennikarza, kt\u00f3ry nie po raz pierwszy znajduje si\u0119 w centrum medialnego zainteresowania.<\/p>\n\n\n<p class=\"image-source\" style=\"font-size:0.8em;color:#888;\">Foto: images.iberion.media <!-- source: https:\/\/images.iberion.media\/images\/origin\/Projekt_bez_nazwy_44_090ed62b92.jpg --><\/p>","protected":false},"excerpt":{"rendered":"<p>W ostatnim czasie polskie media obieg\u0142a fala spekulacji dotycz\u0105cych potencjalnej<\/p>\n","protected":false},"author":1,"featured_media":18078,"comment_status":"open","ping_status":"open","sticky":false,"template":"","format":"standard","meta":{"footnotes":""},"categories":[2352,2590],"tags":[2609,2610,2282,2608,317],"class_list":["post-18079","post","type-post","status-publish","format-standard","has-post-thumbnail","category-media","category-show-biznes","tag-kana-zero","tag-krzysztof-stanowski","tag-kuba-wojew-dzki","tag-piotr-kdzierski","tag-taniec-z-gwiazdami"],"yoast_head":"<!-- This site is optimized with the Yoast SEO plugin v26.1.1 - https:\/\/yoast.com\/wordpress\/plugins\/seo\/ -->\n<title>Piotr K\u0119dzierski komentuje spekulacje o wsp\u00f3\u0142pracy z Kana\u0142em Zero - Freeflix.pl - Filmy online<\/title>\n<meta name=\"robots\" content=\"index, follow, max-snippet:-1, max-image-preview:large, max-video-preview:-1\" \/>\n<link rel=\"canonical\" href=\"https:\/\/freeflix.pl\/portal\/piotr-kedzierski-komentuje-spekulacje-o-wspolpracy-z-kanalem-zero\/\" \/>\n<meta property=\"og:locale\" content=\"pl_PL\" \/>\n<meta property=\"og:type\" content=\"article\" \/>\n<meta property=\"og:title\" content=\"Piotr K\u0119dzierski komentuje spekulacje o wsp\u00f3\u0142pracy z Kana\u0142em Zero - Freeflix.pl - Filmy online\" \/>\n<meta property=\"og:description\" content=\"W ostatnim czasie polskie media obieg\u0142a fala spekulacji dotycz\u0105cych potencjalnej\" \/>\n<meta property=\"og:url\" content=\"https:\/\/freeflix.pl\/portal\/piotr-kedzierski-komentuje-spekulacje-o-wspolpracy-z-kanalem-zero\/\" \/>\n<meta property=\"og:site_name\" content=\"Freeflix.pl - Filmy online\" \/>\n<meta property=\"article:published_time\" content=\"2026-03-30T07:46:12+00:00\" \/>\n<meta name=\"author\" content=\"edious\" \/>\n<meta name=\"twitter:card\" content=\"summary_large_image\" \/>\n<meta name=\"twitter:label1\" content=\"Napisane przez\" \/>\n\t<meta name=\"twitter:data1\" content=\"edious\" \/>\n\t<meta name=\"twitter:label2\" content=\"Szacowany czas czytania\" \/>\n\t<meta name=\"twitter:data2\" content=\"3 minuty\" \/>\n<script type=\"application\/ld+json\" class=\"yoast-schema-graph\">{\"@context\":\"https:\/\/schema.org\",\"@graph\":[{\"@type\":\"Article\",\"@id\":\"https:\/\/freeflix.pl\/portal\/piotr-kedzierski-komentuje-spekulacje-o-wspolpracy-z-kanalem-zero\/#article\",\"isPartOf\":{\"@id\":\"https:\/\/freeflix.pl\/portal\/piotr-kedzierski-komentuje-spekulacje-o-wspolpracy-z-kanalem-zero\/\"},\"author\":{\"name\":\"edious\",\"@id\":\"https:\/\/freeflix.pl\/portal\/#\/schema\/person\/67f0c31a927cf681015f661beca69b6b\"},\"headline\":\"Piotr K\u0119dzierski komentuje spekulacje o wsp\u00f3\u0142pracy z Kana\u0142em Zero\",\"datePublished\":\"2026-03-30T07:46:12+00:00\",\"mainEntityOfPage\":{\"@id\":\"https:\/\/freeflix.pl\/portal\/piotr-kedzierski-komentuje-spekulacje-o-wspolpracy-z-kanalem-zero\/\"},\"wordCount\":704,\"commentCount\":0,\"publisher\":{\"@id\":\"https:\/\/freeflix.pl\/portal\/#organization\"},\"image\":{\"@id\":\"https:\/\/freeflix.pl\/portal\/piotr-kedzierski-komentuje-spekulacje-o-wspolpracy-z-kanalem-zero\/#primaryimage\"},\"thumbnailUrl\":\"https:\/\/freeflix.pl\/portal\/wp-content\/uploads\/2026\/03\/img-69ca2a3e55a55.jpg\",\"keywords\":[\"Kana\u0142 Zero\",\"Krzysztof Stanowski\",\"Kuba Wojew\u00f3dzki\",\"Piotr K\u0119dzierski\",\"Taniec z Gwiazdami\"],\"articleSection\":[\"Media\",\"Show-biznes\"],\"inLanguage\":\"pl-PL\",\"potentialAction\":[{\"@type\":\"CommentAction\",\"name\":\"Comment\",\"target\":[\"https:\/\/freeflix.pl\/portal\/piotr-kedzierski-komentuje-spekulacje-o-wspolpracy-z-kanalem-zero\/#respond\"]}]},{\"@type\":\"WebPage\",\"@id\":\"https:\/\/freeflix.pl\/portal\/piotr-kedzierski-komentuje-spekulacje-o-wspolpracy-z-kanalem-zero\/\",\"url\":\"https:\/\/freeflix.pl\/portal\/piotr-kedzierski-komentuje-spekulacje-o-wspolpracy-z-kanalem-zero\/\",\"name\":\"Piotr K\u0119dzierski komentuje spekulacje o wsp\u00f3\u0142pracy z Kana\u0142em Zero - Freeflix.pl - Filmy online\",\"isPartOf\":{\"@id\":\"https:\/\/freeflix.pl\/portal\/#website\"},\"primaryImageOfPage\":{\"@id\":\"https:\/\/freeflix.pl\/portal\/piotr-kedzierski-komentuje-spekulacje-o-wspolpracy-z-kanalem-zero\/#primaryimage\"},\"image\":{\"@id\":\"https:\/\/freeflix.pl\/portal\/piotr-kedzierski-komentuje-spekulacje-o-wspolpracy-z-kanalem-zero\/#primaryimage\"},\"thumbnailUrl\":\"https:\/\/freeflix.pl\/portal\/wp-content\/uploads\/2026\/03\/img-69ca2a3e55a55.jpg\",\"datePublished\":\"2026-03-30T07:46:12+00:00\",\"breadcrumb\":{\"@id\":\"https:\/\/freeflix.pl\/portal\/piotr-kedzierski-komentuje-spekulacje-o-wspolpracy-z-kanalem-zero\/#breadcrumb\"},\"inLanguage\":\"pl-PL\",\"potentialAction\":[{\"@type\":\"ReadAction\",\"target\":[\"https:\/\/freeflix.pl\/portal\/piotr-kedzierski-komentuje-spekulacje-o-wspolpracy-z-kanalem-zero\/\"]}]},{\"@type\":\"ImageObject\",\"inLanguage\":\"pl-PL\",\"@id\":\"https:\/\/freeflix.pl\/portal\/piotr-kedzierski-komentuje-spekulacje-o-wspolpracy-z-kanalem-zero\/#primaryimage\",\"url\":\"https:\/\/freeflix.pl\/portal\/wp-content\/uploads\/2026\/03\/img-69ca2a3e55a55.jpg\",\"contentUrl\":\"https:\/\/freeflix.pl\/portal\/wp-content\/uploads\/2026\/03\/img-69ca2a3e55a55.jpg\",\"width\":470,\"height\":352,\"caption\":\"Piotr Kedzierski interview\"},{\"@type\":\"BreadcrumbList\",\"@id\":\"https:\/\/freeflix.pl\/portal\/piotr-kedzierski-komentuje-spekulacje-o-wspolpracy-z-kanalem-zero\/#breadcrumb\",\"itemListElement\":[{\"@type\":\"ListItem\",\"position\":1,\"name\":\"Strona g\u0142\u00f3wna\",\"item\":\"https:\/\/freeflix.pl\/portal\/\"},{\"@type\":\"ListItem\",\"position\":2,\"name\":\"Piotr K\u0119dzierski komentuje spekulacje o wsp\u00f3\u0142pracy z Kana\u0142em Zero\"}]},{\"@type\":\"WebSite\",\"@id\":\"https:\/\/freeflix.pl\/portal\/#website\",\"url\":\"https:\/\/freeflix.pl\/portal\/\",\"name\":\"Freeflix.pl - Filmy online\",\"description\":\"Darmowe filmy online\",\"publisher\":{\"@id\":\"https:\/\/freeflix.pl\/portal\/#organization\"},\"potentialAction\":[{\"@type\":\"SearchAction\",\"target\":{\"@type\":\"EntryPoint\",\"urlTemplate\":\"https:\/\/freeflix.pl\/portal\/?s={search_term_string}\"},\"query-input\":{\"@type\":\"PropertyValueSpecification\",\"valueRequired\":true,\"valueName\":\"search_term_string\"}}],\"inLanguage\":\"pl-PL\"},{\"@type\":\"Organization\",\"@id\":\"https:\/\/freeflix.pl\/portal\/#organization\",\"name\":\"Freeflix.pl - Filmy online\",\"url\":\"https:\/\/freeflix.pl\/portal\/\",\"logo\":{\"@type\":\"ImageObject\",\"inLanguage\":\"pl-PL\",\"@id\":\"https:\/\/freeflix.pl\/portal\/#\/schema\/logo\/image\/\",\"url\":\"https:\/\/freeflix.pl\/portal\/wp-content\/uploads\/2025\/10\/freeflixlogo-1.png\",\"contentUrl\":\"https:\/\/freeflix.pl\/portal\/wp-content\/uploads\/2025\/10\/freeflixlogo-1.png\",\"width\":219,\"height\":46,\"caption\":\"Freeflix.pl - Filmy online\"},\"image\":{\"@id\":\"https:\/\/freeflix.pl\/portal\/#\/schema\/logo\/image\/\"}},{\"@type\":\"Person\",\"@id\":\"https:\/\/freeflix.pl\/portal\/#\/schema\/person\/67f0c31a927cf681015f661beca69b6b\",\"name\":\"edious\",\"image\":{\"@type\":\"ImageObject\",\"inLanguage\":\"pl-PL\",\"@id\":\"https:\/\/freeflix.pl\/portal\/#\/schema\/person\/image\/\",\"url\":\"https:\/\/secure.gravatar.com\/avatar\/1b055e98b1841458f7b17ac1260e7645f77e9086db8e1783ec299a38f590f3fd?s=96&d=mm&r=g\",\"contentUrl\":\"https:\/\/secure.gravatar.com\/avatar\/1b055e98b1841458f7b17ac1260e7645f77e9086db8e1783ec299a38f590f3fd?s=96&d=mm&r=g\",\"caption\":\"edious\"},\"sameAs\":[\"https:\/\/freeflix.pl\/portal\"],\"url\":\"https:\/\/freeflix.pl\/portal\/author\/edious\/\"}]}<\/script>\n<!-- \/ Yoast SEO plugin. -->","yoast_head_json":{"title":"Piotr K\u0119dzierski komentuje spekulacje o wsp\u00f3\u0142pracy z Kana\u0142em Zero - Freeflix.pl - Filmy online","robots":{"index":"index","follow":"follow","max-snippet":"max-snippet:-1","max-image-preview":"max-image-preview:large","max-video-preview":"max-video-preview:-1"},"canonical":"https:\/\/freeflix.pl\/portal\/piotr-kedzierski-komentuje-spekulacje-o-wspolpracy-z-kanalem-zero\/","og_locale":"pl_PL","og_type":"article","og_title":"Piotr K\u0119dzierski komentuje spekulacje o wsp\u00f3\u0142pracy z Kana\u0142em Zero - Freeflix.pl - Filmy online","og_description":"W ostatnim czasie polskie media obieg\u0142a fala spekulacji dotycz\u0105cych potencjalnej","og_url":"https:\/\/freeflix.pl\/portal\/piotr-kedzierski-komentuje-spekulacje-o-wspolpracy-z-kanalem-zero\/","og_site_name":"Freeflix.pl - Filmy online","article_published_time":"2026-03-30T07:46:12+00:00","author":"edious","twitter_card":"summary_large_image","twitter_misc":{"Napisane przez":"edious","Szacowany czas czytania":"3 minuty"},"schema":{"@context":"https:\/\/schema.org","@graph":[{"@type":"Article","@id":"https:\/\/freeflix.pl\/portal\/piotr-kedzierski-komentuje-spekulacje-o-wspolpracy-z-kanalem-zero\/#article","isPartOf":{"@id":"https:\/\/freeflix.pl\/portal\/piotr-kedzierski-komentuje-spekulacje-o-wspolpracy-z-kanalem-zero\/"},"author":{"name":"edious","@id":"https:\/\/freeflix.pl\/portal\/#\/schema\/person\/67f0c31a927cf681015f661beca69b6b"},"headline":"Piotr K\u0119dzierski komentuje spekulacje o wsp\u00f3\u0142pracy z Kana\u0142em Zero","datePublished":"2026-03-30T07:46:12+00:00","mainEntityOfPage":{"@id":"https:\/\/freeflix.pl\/portal\/piotr-kedzierski-komentuje-spekulacje-o-wspolpracy-z-kanalem-zero\/"},"wordCount":704,"commentCount":0,"publisher":{"@id":"https:\/\/freeflix.pl\/portal\/#organization"},"image":{"@id":"https:\/\/freeflix.pl\/portal\/piotr-kedzierski-komentuje-spekulacje-o-wspolpracy-z-kanalem-zero\/#primaryimage"},"thumbnailUrl":"https:\/\/freeflix.pl\/portal\/wp-content\/uploads\/2026\/03\/img-69ca2a3e55a55.jpg","keywords":["Kana\u0142 Zero","Krzysztof Stanowski","Kuba Wojew\u00f3dzki","Piotr K\u0119dzierski","Taniec z Gwiazdami"],"articleSection":["Media","Show-biznes"],"inLanguage":"pl-PL","potentialAction":[{"@type":"CommentAction","name":"Comment","target":["https:\/\/freeflix.pl\/portal\/piotr-kedzierski-komentuje-spekulacje-o-wspolpracy-z-kanalem-zero\/#respond"]}]},{"@type":"WebPage","@id":"https:\/\/freeflix.pl\/portal\/piotr-kedzierski-komentuje-spekulacje-o-wspolpracy-z-kanalem-zero\/","url":"https:\/\/freeflix.pl\/portal\/piotr-kedzierski-komentuje-spekulacje-o-wspolpracy-z-kanalem-zero\/","name":"Piotr K\u0119dzierski komentuje spekulacje o wsp\u00f3\u0142pracy z Kana\u0142em Zero - Freeflix.pl - Filmy online","isPartOf":{"@id":"https:\/\/freeflix.pl\/portal\/#website"},"primaryImageOfPage":{"@id":"https:\/\/freeflix.pl\/portal\/piotr-kedzierski-komentuje-spekulacje-o-wspolpracy-z-kanalem-zero\/#primaryimage"},"image":{"@id":"https:\/\/freeflix.pl\/portal\/piotr-kedzierski-komentuje-spekulacje-o-wspolpracy-z-kanalem-zero\/#primaryimage"},"thumbnailUrl":"https:\/\/freeflix.pl\/portal\/wp-content\/uploads\/2026\/03\/img-69ca2a3e55a55.jpg","datePublished":"2026-03-30T07:46:12+00:00","breadcrumb":{"@id":"https:\/\/freeflix.pl\/portal\/piotr-kedzierski-komentuje-spekulacje-o-wspolpracy-z-kanalem-zero\/#breadcrumb"},"inLanguage":"pl-PL","potentialAction":[{"@type":"ReadAction","target":["https:\/\/freeflix.pl\/portal\/piotr-kedzierski-komentuje-spekulacje-o-wspolpracy-z-kanalem-zero\/"]}]},{"@type":"ImageObject","inLanguage":"pl-PL","@id":"https:\/\/freeflix.pl\/portal\/piotr-kedzierski-komentuje-spekulacje-o-wspolpracy-z-kanalem-zero\/#primaryimage","url":"https:\/\/freeflix.pl\/portal\/wp-content\/uploads\/2026\/03\/img-69ca2a3e55a55.jpg","contentUrl":"https:\/\/freeflix.pl\/portal\/wp-content\/uploads\/2026\/03\/img-69ca2a3e55a55.jpg","width":470,"height":352,"caption":"Piotr Kedzierski interview"},{"@type":"BreadcrumbList","@id":"https:\/\/freeflix.pl\/portal\/piotr-kedzierski-komentuje-spekulacje-o-wspolpracy-z-kanalem-zero\/#breadcrumb","itemListElement":[{"@type":"ListItem","position":1,"name":"Strona g\u0142\u00f3wna","item":"https:\/\/freeflix.pl\/portal\/"},{"@type":"ListItem","position":2,"name":"Piotr K\u0119dzierski komentuje spekulacje o wsp\u00f3\u0142pracy z Kana\u0142em Zero"}]},{"@type":"WebSite","@id":"https:\/\/freeflix.pl\/portal\/#website","url":"https:\/\/freeflix.pl\/portal\/","name":"Freeflix.pl - Filmy online","description":"Darmowe filmy online","publisher":{"@id":"https:\/\/freeflix.pl\/portal\/#organization"},"potentialAction":[{"@type":"SearchAction","target":{"@type":"EntryPoint","urlTemplate":"https:\/\/freeflix.pl\/portal\/?s={search_term_string}"},"query-input":{"@type":"PropertyValueSpecification","valueRequired":true,"valueName":"search_term_string"}}],"inLanguage":"pl-PL"},{"@type":"Organization","@id":"https:\/\/freeflix.pl\/portal\/#organization","name":"Freeflix.pl - Filmy online","url":"https:\/\/freeflix.pl\/portal\/","logo":{"@type":"ImageObject","inLanguage":"pl-PL","@id":"https:\/\/freeflix.pl\/portal\/#\/schema\/logo\/image\/","url":"https:\/\/freeflix.pl\/portal\/wp-content\/uploads\/2025\/10\/freeflixlogo-1.png","contentUrl":"https:\/\/freeflix.pl\/portal\/wp-content\/uploads\/2025\/10\/freeflixlogo-1.png","width":219,"height":46,"caption":"Freeflix.pl - Filmy online"},"image":{"@id":"https:\/\/freeflix.pl\/portal\/#\/schema\/logo\/image\/"}},{"@type":"Person","@id":"https:\/\/freeflix.pl\/portal\/#\/schema\/person\/67f0c31a927cf681015f661beca69b6b","name":"edious","image":{"@type":"ImageObject","inLanguage":"pl-PL","@id":"https:\/\/freeflix.pl\/portal\/#\/schema\/person\/image\/","url":"https:\/\/secure.gravatar.com\/avatar\/1b055e98b1841458f7b17ac1260e7645f77e9086db8e1783ec299a38f590f3fd?s=96&d=mm&r=g","contentUrl":"https:\/\/secure.gravatar.com\/avatar\/1b055e98b1841458f7b17ac1260e7645f77e9086db8e1783ec299a38f590f3fd?s=96&d=mm&r=g","caption":"edious"},"sameAs":["https:\/\/freeflix.pl\/portal"],"url":"https:\/\/freeflix.pl\/portal\/author\/edious\/"}]}},"_links":{"self":[{"href":"https:\/\/freeflix.pl\/portal\/wp-json\/wp\/v2\/posts\/18079","targetHints":{"allow":["GET"]}}],"collection":[{"href":"https:\/\/freeflix.pl\/portal\/wp-json\/wp\/v2\/posts"}],"about":[{"href":"https:\/\/freeflix.pl\/portal\/wp-json\/wp\/v2\/types\/post"}],"author":[{"embeddable":true,"href":"https:\/\/freeflix.pl\/portal\/wp-json\/wp\/v2\/users\/1"}],"replies":[{"embeddable":true,"href":"https:\/\/freeflix.pl\/portal\/wp-json\/wp\/v2\/comments?post=18079"}],"version-history":[{"count":0,"href":"https:\/\/freeflix.pl\/portal\/wp-json\/wp\/v2\/posts\/18079\/revisions"}],"wp:featuredmedia":[{"embeddable":true,"href":"https:\/\/freeflix.pl\/portal\/wp-json\/wp\/v2\/media\/18078"}],"wp:attachment":[{"href":"https:\/\/freeflix.pl\/portal\/wp-json\/wp\/v2\/media?parent=18079"}],"wp:term":[{"taxonomy":"category","embeddable":true,"href":"https:\/\/freeflix.pl\/portal\/wp-json\/wp\/v2\/categories?post=18079"},{"taxonomy":"post_tag","embeddable":true,"href":"https:\/\/freeflix.pl\/portal\/wp-json\/wp\/v2\/tags?post=18079"}],"curies":[{"name":"wp","href":"https:\/\/api.w.org\/{rel}","templated":true}]}}